{"id":3298,"date":"2019-12-02T16:48:40","date_gmt":"2019-12-02T15:48:40","guid":{"rendered":"http:\/\/192.168.9.29\/Development\/TB\/?p=519"},"modified":"2025-06-20T10:00:31","modified_gmt":"2025-06-20T08:00:31","slug":"garden-design","status":"publish","type":"post","link":"https:\/\/www.vcsport.es\/en\/garden-design\/","title":{"rendered":"Vredestein"},"content":{"rendered":"<section class=\"wpb-content-wrapper\"><div class=\"vc_row wpb_row vc_row-fluid\"><div class=\"wpb_column vc_column_container vc_col-sm-12\"><div class=\"vc_column-inner\"><div class=\"wpb_wrapper\">\n\t<div class=\"wpb_text_column wpb_content_element\" >\n\t\t<div class=\"wpb_wrapper\">\n\t\t\t<h1><strong>Cubiertas<\/strong><\/h1>\n\n\t\t<\/div>\n\t<\/div>\n\n\t<div class=\"wpb_text_column wpb_content_element\" >\n\t\t<div class=\"wpb_wrapper\">\n\t\t\t<p>Vredestein es un nombre muy conocido en las industrias de la bicicleta, la automoci\u00f3n, la agricultura y la industria, con una rica herencia en neum\u00e1ticos para bicicletas que se remonta a principios del siglo XX.<\/p>\n<p>A trav\u00e9s de la globalizaci\u00f3n y una estrategia de marketing distintiva centrada en la innovaci\u00f3n y la tecnolog\u00eda, la marca holandesa ha ganado popularidad m\u00e1s all\u00e1 de los Pa\u00edses Bajos.<\/p>\n<p>El \u00e9xito de Vredestein en la industria de la bicicleta incluye logros notables de Jan Janssen, Leontien van Moorsel y Robbie McEwen.<\/p>\n\n\t\t<\/div>\n\t<\/div>\n\n\t<div class=\"wpb_text_column wpb_content_element\" >\n\t\t<div class=\"wpb_wrapper\">\n\t\t\t<h1><strong>Gravel<\/strong><\/h1>\n\n\t\t<\/div>\n\t<\/div>\n<div class=\"vc_separator wpb_content_element vc_separator_align_center vc_sep_width_100 vc_sep_pos_align_center vc_separator_no_text vc_sep_color_grey\" ><span class=\"vc_sep_holder vc_sep_holder_l\"><span class=\"vc_sep_line\"><\/span><\/span><span class=\"vc_sep_holder vc_sep_holder_r\"><span class=\"vc_sep_line\"><\/span><\/span>\n<\/div><\/div><\/div><\/div><\/div><div class=\"vc_row wpb_row vc_row-fluid\"><div class=\"wpb_column vc_column_container vc_col-sm-6\"><div class=\"vc_column-inner\"><div class=\"wpb_wrapper\">\n\t<div class=\"wpb_text_column wpb_content_element\" >\n\t\t<div class=\"wpb_wrapper\">\n\t\t\t<p>Hoy en d\u00eda, Vredestein ofrece una amplia gama de neum\u00e1ticos para bicicletas urbanas, el\u00e9ctricas, de carretera y gravel, manteniendo su compromiso con el rendimiento y la seguridad.<\/p>\n\n\t\t<\/div>\n\t<\/div>\n<\/div><\/div><\/div><div class=\"wpb_column vc_column_container vc_col-sm-6\"><div class=\"vc_column-inner\"><div class=\"wpb_wrapper\">\n\t<div class=\"wpb_text_column wpb_content_element\" >\n\t\t<div class=\"wpb_wrapper\">\n\t\t\t<p><strong>Sizes Height (cm) Chest (ins) Waist (ins)<\/strong><\/p>\n\n\t\t<\/div>\n\t<\/div>\n<div class=\"standard-arrow list-divider bullet-top\"><ul>\n<li>S-Small 165-173 cm 36-38, 28-30<\/li>\n<li>Medium 170-178 cm 38-40 30-32<\/li>\n<li>L-Large 175-182 cm 40-42 32-42<\/li>\n<li>XL-Extra large 180-186 cm 42-44 34-36<\/li>\n<li>Women's clothing<\/li>\n<li>S-Small 8-10<\/li>\n<li>M-Medium 10-12<\/li>\n<li>L-Large 12-14<\/li>\n<li>Extra large 14-16<\/li>\n<\/ul>\n<\/div>\n\t<div class=\"wpb_text_column wpb_content_element\" >\n\t\t<div class=\"wpb_wrapper\">\n\t\t\t<p>Depending on the model, we also offer children's sizes (numbered by height) 128-140, 140-152, 152-164, sizes XS and XXL, 3XL, 4XL, 5XL.<\/p>\n\n\t\t<\/div>\n\t<\/div>\n<\/div><\/div><\/div><\/div>\n<\/section>","protected":false},"excerpt":{"rendered":"<p>Cubiertas Vredestein es un nombre muy conocido en las industrias de la bicicleta, la automoci\u00f3n, la agricultura y la industria, con una rica herencia en neum\u00e1ticos para bicicletas que se remonta a principios del siglo XX. A trav\u00e9s de la globalizaci\u00f3n y una estrategia de marketing distintiva centrada en la innovaci\u00f3n y la tecnolog\u00eda, la&hellip;<\/p>","protected":false},"author":4,"featured_media":3484,"comment_status":"closed","ping_status":"closed","sticky":false,"template":"","format":"standard","meta":{"_joinchat":[]},"categories":[1,65],"tags":[],"_links":{"self":[{"href":"https:\/\/www.vcsport.es\/en\/wp-json\/wp\/v2\/posts\/3298"}],"collection":[{"href":"https:\/\/www.vcsport.es\/en\/wp-json\/wp\/v2\/posts"}],"about":[{"href":"https:\/\/www.vcsport.es\/en\/wp-json\/wp\/v2\/types\/post"}],"author":[{"embeddable":true,"href":"https:\/\/www.vcsport.es\/en\/wp-json\/wp\/v2\/users\/4"}],"replies":[{"embeddable":true,"href":"https:\/\/www.vcsport.es\/en\/wp-json\/wp\/v2\/comments?post=3298"}],"version-history":[{"count":2,"href":"https:\/\/www.vcsport.es\/en\/wp-json\/wp\/v2\/posts\/3298\/revisions"}],"predecessor-version":[{"id":3490,"href":"https:\/\/www.vcsport.es\/en\/wp-json\/wp\/v2\/posts\/3298\/revisions\/3490"}],"wp:featuredmedia":[{"embeddable":true,"href":"https:\/\/www.vcsport.es\/en\/wp-json\/wp\/v2\/media\/3484"}],"wp:attachment":[{"href":"https:\/\/www.vcsport.es\/en\/wp-json\/wp\/v2\/media?parent=3298"}],"wp:term":[{"taxonomy":"category","embeddable":true,"href":"https:\/\/www.vcsport.es\/en\/wp-json\/wp\/v2\/categories?post=3298"},{"taxonomy":"post_tag","embeddable":true,"href":"https:\/\/www.vcsport.es\/en\/wp-json\/wp\/v2\/tags?post=3298"}],"curies":[{"name":"wp","href":"https:\/\/api.w.org\/{rel}","templated":true}]}}